{"id":355,"date":"2024-12-15T19:39:41","date_gmt":"2024-12-15T19:39:41","guid":{"rendered":"https:\/\/malerfachbetrieb-gruhl.de\/?p=355"},"modified":"2024-12-26T19:15:47","modified_gmt":"2024-12-26T19:15:47","slug":"professionelle-fassadenreinigung","status":"publish","type":"post","link":"https:\/\/malerfachbetrieb-gruhl.de\/index.php\/2024\/12\/15\/professionelle-fassadenreinigung\/","title":{"rendered":"Professionelle Fassadenreinigung"},"content":{"rendered":"\n<div class=\"wp-block-media-text has-media-on-the-right is-stacked-on-mobile\" style=\"grid-template-columns:auto 26%\"><div class=\"wp-block-media-text__content\">\n<p><strong>Fassadenreinigung: Strahlend sauber ohne neuen Anstrich<\/strong><\/p>\n\n\n\n<p>Sparen Sie bares Geld! Eine professionelle Fassadenreinigung ist oft die clevere Alternative zum teuren Neuanstrich und<strong> kostet in der Regel nur ca. 30 % einer herk\u00f6mmlichen Fassadenrenovierung<\/strong>. Wie Sie auf den Vorher-Nachher-Bildern sehen k\u00f6nnen, ist der Unterschied zwischen einer verschmutzten und einer professionell gereinigten Fassade beeindruckend. Die gereinigte Seite zeigt die urspr\u00fcngliche Farbe und Struktur Ihres Hauses und l\u00e4sst es in neuem Glanz erstrahlen.<\/p>\n\n\n\n<p>Der Malerfachbetrieb Gruhl, Ihr <strong>Meisterbetrieb mit \u00fcber 25 Jahren Erfahrung<\/strong> in K\u00fcssaberg, Waldshut, der grenznahen Schweiz und dar\u00fcber hinaus, bietet Ihnen eine professionelle Fassadenreinigung mit folgenden Vorteilen:<\/p>\n\n\n\n<ul class=\"wp-block-list\">\n<li><strong>Kostenlose Probereinigung<\/strong>: Wir f\u00fchren vorab eine kostenlose Probereinigung auf einer kleinen Fl\u00e4che Ihrer Fassade durch, um das optimale Reinigungsverfahren und das passende Reinigungsmittel f\u00fcr Ihren individuellen Untergrund zu ermitteln.<\/li>\n\n\n\n<li><strong>Schonende und effektive Reinigung<\/strong>: Wir verwenden modernsteTechniken und umweltvertr\u00e4gliche Reinigungsmittel, die Ihre Fassade gr\u00fcndlich reinigen, ohne sie zu besch\u00e4digen.<\/li>\n\n\n\n<li><strong>Langzeitschutz<\/strong>: Nach der Reinigung tragen wir einen transparenten Langzeitschutz auf den Putz auf, der Ihre Fassade nachhaltig vor erneuter Verschmutzung und Witterungseinfl\u00fcssen sch\u00fctzt.<\/li>\n\n\n\n<li><strong>Wertsteigerung und Werterhalt:<\/strong> Eine saubere Fassade steigert den Wert Ihrer Immobilie und tr\u00e4gt zum positiven Erscheinungsbild Ihres Hauses bei.<\/li>\n\n\n\n<li><strong>Meisterqualit\u00e4t<\/strong>: Profitieren Sie von unserer langj\u00e4hrigen Erfahrung und unserem Fachwissen als Meisterbetrieb.<\/li>\n<\/ul>\n\n\n\n<p>M\u00f6chten Sie wissen, wie wir auch Ihrer Immobilie zu neuem Glanz verhelfen k\u00f6nnen? Kontaktieren <a href=\"https:\/\/malerfachbetrieb-gruhl.de\/index.php\/kontakt\/\" data-type=\"page\" data-id=\"65\">Sie uns noch heute f\u00fcr eine unverbindliche Beratung und eine kostenlose Probereinigung!<\/a> Wir erstellen Ihnen gerne ein individuelles Angebot f\u00fcr die professionelle Reinigung Ihrer Fassade \u2013 unabh\u00e4ngig von Ihrem Standort.<\/p>\n<\/div><figure  class=\"wp-block-media-text__media\"><img loading=\"lazy\" decoding=\"async\" width=\"450\" height=\"600\" alt=\"\" src=\"https:\/\/malerfachbetrieb-gruhl.de\/wp-content\/uploads\/2024\/12\/WhatsApp-Image-2024-11-12-at-23.14.34-1-450x600.jpeg\" class=\"wp-image-351 size-full\" srcset=\"https:\/\/malerfachbetrieb-gruhl.de\/wp-content\/uploads\/2024\/12\/WhatsApp-Image-2024-11-12-at-23.14.34-1-450x600.jpeg 450w, https:\/\/malerfachbetrieb-gruhl.de\/wp-content\/uploads\/2024\/12\/WhatsApp-Image-2024-11-12-at-23.14.34-1-225x300.jpeg 225w, https:\/\/malerfachbetrieb-gruhl.de\/wp-content\/uploads\/2024\/12\/WhatsApp-Image-2024-11-12-at-23.14.34-1-768x1024.jpeg 768w, https:\/\/malerfachbetrieb-gruhl.de\/wp-content\/uploads\/2024\/12\/WhatsApp-Image-2024-11-12-at-23.14.34-1-1152x1536.jpeg 1152w, https:\/\/malerfachbetrieb-gruhl.de\/wp-content\/uploads\/2024\/12\/WhatsApp-Image-2024-11-12-at-23.14.34-1.jpeg 1200w\" sizes=\"auto, (max-width: 450px) 100vw, 450px\" \/><\/figure><\/div>\n\n\n\n<div style=\"height:100px\" aria-hidden=\"true\" class=\"wp-block-spacer\"><\/div>\n\n\n\n<figure class=\"wp-block-gallery has-nested-images columns-default is-cropped wp-block-gallery-2 is-layout-flex wp-block-gallery-is-layout-flex\">\n<figure class=\"wp-block-image size-large\"><a href=\"https:\/\/malerfachbetrieb-gruhl.de\/wp-content\/uploads\/2024\/12\/WhatsApp-Image-2024-11-12-at-23.14.34-3.jpeg\"><img loading=\"lazy\" decoding=\"async\" width=\"1024\" height=\"768\" data-id=\"353\" src=\"https:\/\/malerfachbetrieb-gruhl.de\/wp-content\/uploads\/2024\/12\/WhatsApp-Image-2024-11-12-at-23.14.34-3-1024x768.jpeg\" alt=\"Fassadenreinigung-vorher-K\u00fcssaberg\" class=\"wp-image-353\" srcset=\"https:\/\/malerfachbetrieb-gruhl.de\/wp-content\/uploads\/2024\/12\/WhatsApp-Image-2024-11-12-at-23.14.34-3-1024x768.jpeg 1024w, https:\/\/malerfachbetrieb-gruhl.de\/wp-content\/uploads\/2024\/12\/WhatsApp-Image-2024-11-12-at-23.14.34-3-300x225.jpeg 300w, https:\/\/malerfachbetrieb-gruhl.de\/wp-content\/uploads\/2024\/12\/WhatsApp-Image-2024-11-12-at-23.14.34-3-768x576.jpeg 768w, https:\/\/malerfachbetrieb-gruhl.de\/wp-content\/uploads\/2024\/12\/WhatsApp-Image-2024-11-12-at-23.14.34-3-1536x1152.jpeg 1536w, https:\/\/malerfachbetrieb-gruhl.de\/wp-content\/uploads\/2024\/12\/WhatsApp-Image-2024-11-12-at-23.14.34-3-470x353.jpeg 470w, https:\/\/malerfachbetrieb-gruhl.de\/wp-content\/uploads\/2024\/12\/WhatsApp-Image-2024-11-12-at-23.14.34-3-800x600.jpeg 800w, https:\/\/malerfachbetrieb-gruhl.de\/wp-content\/uploads\/2024\/12\/WhatsApp-Image-2024-11-12-at-23.14.34-3.jpeg 1600w\" sizes=\"auto, (max-width: 1024px) 100vw, 1024px\" \/><\/a><figcaption class=\"wp-element-caption\">Fassade Vorher<\/figcaption><\/figure>\n\n\n\n<figure class=\"wp-block-image size-large\"><a href=\"https:\/\/malerfachbetrieb-gruhl.de\/wp-content\/uploads\/2024\/12\/WhatsApp-Image-2024-11-12-at-23.14.34-2.jpeg\"><img loading=\"lazy\" decoding=\"async\" width=\"1024\" height=\"768\" data-id=\"352\" src=\"https:\/\/malerfachbetrieb-gruhl.de\/wp-content\/uploads\/2024\/12\/WhatsApp-Image-2024-11-12-at-23.14.34-2-1024x768.jpeg\" alt=\"Fassadenreinigung-nachher-K\u00fcssaberg\" class=\"wp-image-352\" srcset=\"https:\/\/malerfachbetrieb-gruhl.de\/wp-content\/uploads\/2024\/12\/WhatsApp-Image-2024-11-12-at-23.14.34-2-1024x768.jpeg 1024w, https:\/\/malerfachbetrieb-gruhl.de\/wp-content\/uploads\/2024\/12\/WhatsApp-Image-2024-11-12-at-23.14.34-2-300x225.jpeg 300w, https:\/\/malerfachbetrieb-gruhl.de\/wp-content\/uploads\/2024\/12\/WhatsApp-Image-2024-11-12-at-23.14.34-2-768x576.jpeg 768w, https:\/\/malerfachbetrieb-gruhl.de\/wp-content\/uploads\/2024\/12\/WhatsApp-Image-2024-11-12-at-23.14.34-2-1536x1152.jpeg 1536w, https:\/\/malerfachbetrieb-gruhl.de\/wp-content\/uploads\/2024\/12\/WhatsApp-Image-2024-11-12-at-23.14.34-2-470x353.jpeg 470w, https:\/\/malerfachbetrieb-gruhl.de\/wp-content\/uploads\/2024\/12\/WhatsApp-Image-2024-11-12-at-23.14.34-2-800x600.jpeg 800w, https:\/\/malerfachbetrieb-gruhl.de\/wp-content\/uploads\/2024\/12\/WhatsApp-Image-2024-11-12-at-23.14.34-2.jpeg 1600w\" sizes=\"auto, (max-width: 1024px) 100vw, 1024px\" \/><\/a><figcaption class=\"wp-element-caption\">Fassade Nachher<\/figcaption><\/figure>\n<\/figure>\n\n\n\n<div style=\"height:100px\" aria-hidden=\"true\" class=\"wp-block-spacer\"><\/div>\n\n\n\n<figure class=\"wp-block-gallery has-nested-images columns-default is-cropped wp-block-gallery-3 is-layout-flex wp-block-gallery-is-layout-flex\">\n<figure class=\"wp-block-image size-large\"><a href=\"https:\/\/malerfachbetrieb-gruhl.de\/wp-content\/uploads\/2024\/12\/Fassade2_edit_vorher.jpeg\"><img loading=\"lazy\" decoding=\"async\" width=\"1024\" height=\"790\" data-id=\"371\" src=\"https:\/\/malerfachbetrieb-gruhl.de\/wp-content\/uploads\/2024\/12\/Fassade2_edit_vorher-1024x790.jpeg\" alt=\"Fassadenreinigung-vorher-Waldshut-Tiengen\" class=\"wp-image-371\" srcset=\"https:\/\/malerfachbetrieb-gruhl.de\/wp-content\/uploads\/2024\/12\/Fassade2_edit_vorher-1024x790.jpeg 1024w, https:\/\/malerfachbetrieb-gruhl.de\/wp-content\/uploads\/2024\/12\/Fassade2_edit_vorher-300x231.jpeg 300w, https:\/\/malerfachbetrieb-gruhl.de\/wp-content\/uploads\/2024\/12\/Fassade2_edit_vorher-768x592.jpeg 768w, https:\/\/malerfachbetrieb-gruhl.de\/wp-content\/uploads\/2024\/12\/Fassade2_edit_vorher-470x362.jpeg 470w, https:\/\/malerfachbetrieb-gruhl.de\/wp-content\/uploads\/2024\/12\/Fassade2_edit_vorher.jpeg 1486w\" sizes=\"auto, (max-width: 1024px) 100vw, 1024px\" \/><\/a><figcaption class=\"wp-element-caption\">Fassade Vorher<\/figcaption><\/figure>\n\n\n\n<figure class=\"wp-block-image size-large\"><a href=\"https:\/\/malerfachbetrieb-gruhl.de\/wp-content\/uploads\/2024\/12\/Fassade2_edit_nachher.jpeg\"><img loading=\"lazy\" decoding=\"async\" width=\"1024\" height=\"801\" data-id=\"370\" src=\"https:\/\/malerfachbetrieb-gruhl.de\/wp-content\/uploads\/2024\/12\/Fassade2_edit_nachher-1024x801.jpeg\" alt=\"Fassadenreinigung-nachher-Waldshut-Tiengen\" class=\"wp-image-370\" srcset=\"https:\/\/malerfachbetrieb-gruhl.de\/wp-content\/uploads\/2024\/12\/Fassade2_edit_nachher-1024x801.jpeg 1024w, https:\/\/malerfachbetrieb-gruhl.de\/wp-content\/uploads\/2024\/12\/Fassade2_edit_nachher-300x235.jpeg 300w, https:\/\/malerfachbetrieb-gruhl.de\/wp-content\/uploads\/2024\/12\/Fassade2_edit_nachher-768x601.jpeg 768w, https:\/\/malerfachbetrieb-gruhl.de\/wp-content\/uploads\/2024\/12\/Fassade2_edit_nachher-470x368.jpeg 470w, https:\/\/malerfachbetrieb-gruhl.de\/wp-content\/uploads\/2024\/12\/Fassade2_edit_nachher.jpeg 1489w\" sizes=\"auto, (max-width: 1024px) 100vw, 1024px\" \/><\/a><figcaption class=\"wp-element-caption\">Fassade Nachher<\/figcaption><\/figure>\n<\/figure>\n","protected":false},"excerpt":{"rendered":"","protected":false},"author":1,"featured_media":351,"comment_status":"closed","ping_status":"closed","sticky":false,"template":"","format":"standard","meta":{"footnotes":""},"categories":[5],"tags":[31,30,28,33,34,29,32],"class_list":["post-355","post","type-post","status-publish","format-standard","has-post-thumbnail","hentry","category-referenzobjekte","tag-algen-fassade-entfernen","tag-fassade-reinigen-lassen","tag-fassadenreinigung","tag-fassadenreinigung-kosten","tag-fassadenreinigung-preise","tag-hausreinigung","tag-moos-fassade-entfernen"],"_links":{"self":[{"href":"https:\/\/malerfachbetrieb-gruhl.de\/index.php\/wp-json\/wp\/v2\/posts\/355","targetHints":{"allow":["GET"]}}],"collection":[{"href":"https:\/\/malerfachbetrieb-gruhl.de\/index.php\/wp-json\/wp\/v2\/posts"}],"about":[{"href":"https:\/\/malerfachbetrieb-gruhl.de\/index.php\/wp-json\/wp\/v2\/types\/post"}],"author":[{"embeddable":true,"href":"https:\/\/malerfachbetrieb-gruhl.de\/index.php\/wp-json\/wp\/v2\/users\/1"}],"replies":[{"embeddable":true,"href":"https:\/\/malerfachbetrieb-gruhl.de\/index.php\/wp-json\/wp\/v2\/comments?post=355"}],"version-history":[{"count":12,"href":"https:\/\/malerfachbetrieb-gruhl.de\/index.php\/wp-json\/wp\/v2\/posts\/355\/revisions"}],"predecessor-version":[{"id":397,"href":"https:\/\/malerfachbetrieb-gruhl.de\/index.php\/wp-json\/wp\/v2\/posts\/355\/revisions\/397"}],"wp:featuredmedia":[{"embeddable":true,"href":"https:\/\/malerfachbetrieb-gruhl.de\/index.php\/wp-json\/wp\/v2\/media\/351"}],"wp:attachment":[{"href":"https:\/\/malerfachbetrieb-gruhl.de\/index.php\/wp-json\/wp\/v2\/media?parent=355"}],"wp:term":[{"taxonomy":"category","embeddable":true,"href":"https:\/\/malerfachbetrieb-gruhl.de\/index.php\/wp-json\/wp\/v2\/categories?post=355"},{"taxonomy":"post_tag","embeddable":true,"href":"https:\/\/malerfachbetrieb-gruhl.de\/index.php\/wp-json\/wp\/v2\/tags?post=355"}],"curies":[{"name":"wp","href":"https:\/\/api.w.org\/{rel}","templated":true}]}}